{"id":4027,"date":"2026-04-28T10:30:35","date_gmt":"2026-04-28T08:30:35","guid":{"rendered":"https:\/\/www.cra-centre.org\/formation\/?post_type=actualite&#038;p=4027"},"modified":"2026-04-28T10:30:36","modified_gmt":"2026-04-28T08:30:36","slug":"ca-sest-passe-le-2-avril","status":"publish","type":"actualite","link":"https:\/\/www.cra-centre.org\/formation\/actualite\/ca-sest-passe-le-2-avril\/","title":{"rendered":"\u00c7a s&rsquo;est pass\u00e9 le 2 avril"},"content":{"rendered":"\n<p>A l\u2019occasion de la journ\u00e9e mondiale de sensibilisation \u00e0 l\u2019autisme du 2 avril 2026, le Conseil r\u00e9gional, la F\u00e9d\u00e9ration Autisme Centre-Val de Loire et le CRA Centre-Val de Loire au C\u00f4t\u00e9 d\u2019EXAC-T ont \u00e9t\u00e9 heureux de mettre nos talents autistes sous la lumi\u00e8re&nbsp;de&nbsp;l\u2019h\u00e9micycle du Conseil R\u00e9gional d\u2019Orl\u00e9ans. Les concerts, t\u00e9moignages et&nbsp;expositions ont permis de poser un autre regard sur l\u2019autisme et de sensibiliser par une approche positive et valorisante.<\/p>\n\n\n\n<p>En parall\u00e8le, des professionnels sp\u00e9cialis\u00e9s dans le TSA, des familles et des personnes concern\u00e9es sont intervenus pendant toute la semaine aupr\u00e8s d\u2019environ 250 lyc\u00e9ens et 20 membres des \u00e9quipes p\u00e9dagogiques de la r\u00e9gion aux :<\/p>\n\n\n\n<p>\u00b7&nbsp;&nbsp;&nbsp;&nbsp;&nbsp;&nbsp;&nbsp;&nbsp;&nbsp;Lyc\u00e9e LPO Vaillant \u00e0 Vierzon (18)<\/p>\n\n\n\n<p>\u00b7&nbsp;&nbsp;&nbsp;&nbsp;&nbsp;&nbsp;&nbsp;&nbsp;&nbsp;Lyc\u00e9e les Charmilles \u00e0 Ch\u00e2teauroux (36)<\/p>\n\n\n\n<p>\u00b7&nbsp;&nbsp;&nbsp;&nbsp;&nbsp;&nbsp;&nbsp;&nbsp;&nbsp;Lyc\u00e9e Chaptal \u00e0 Amboise (37)<\/p>\n\n\n\n<p>\u00b7&nbsp;&nbsp;&nbsp;&nbsp;&nbsp;&nbsp;&nbsp;&nbsp;&nbsp;Lyc\u00e9e en Ch\u00e2teau-Blanc \u00e0 Ch\u00e2lette sur Loing (45)<\/p>\n\n\n\n<p>L\u2019int\u00e9r\u00eat port\u00e9s par les lyc\u00e9ens, les \u00e9quipes p\u00e9dagogiques et de directions \u00e0 cette sensibilisation&nbsp;t\u00e9moigne&nbsp;d\u2019une r\u00e9elle consid\u00e9ration pour l\u2019inclusion et le respect des sp\u00e9cificit\u00e9s du TSA.<\/p>\n\n\n\n<p>Cette semaine f\u00fbt une grande r\u00e9ussite&nbsp;!<\/p>\n\n\n\n<figure class=\"wp-block-embed is-type-video is-provider-youtube wp-block-embed-youtube wp-embed-aspect-16-9 wp-has-aspect-ratio\"><div class=\"wp-block-embed__wrapper\">\n<p class=\"responsive-video-wrap clr\"><iframe title=\"Avril en Bleu 2026. Journ\u00e9e modiale de Sensibilisation \u00e0 l&#039;Autisme\" width=\"1200\" height=\"675\" src=\"https:\/\/www.youtube.com\/embed\/m3Vafuja62g?feature=oembed\" frameborder=\"0\" allow=\"accelerometer; autoplay; clipboard-write; encrypted-media; gyroscope; picture-in-picture; web-share\" referrerpolicy=\"strict-origin-when-cross-origin\" allowfullscreen><\/iframe><\/p>\n<\/div><\/figure>\n","protected":false},"excerpt":{"rendered":"<p>A l\u2019occasion de la journ\u00e9e mondiale de sensibilisation \u00e0 l\u2019autisme du 2 avril 2026, le Conseil r\u00e9gional, la F\u00e9d\u00e9ration Autisme Centre-Val de Loire et le CRA Centre-Val de Loire au C\u00f4t\u00e9 d\u2019EXAC-T ont \u00e9t\u00e9 heureux de mettre nos talents autistes sous la lumi\u00e8re\u00a0de\u00a0l\u2019h\u00e9micycle du Conseil R\u00e9gional d\u2019Orl\u00e9ans. Les concerts, t\u00e9moignages et\u00a0expositions ont permis de poser un autre regard sur l\u2019autisme et de sensibiliser par une approche positive et valorisante.<\/p>\n","protected":false},"featured_media":4028,"template":"","colloque":[],"formation":[],"groupe":[75],"class_list":["post-4027","actualite","type-actualite","status-publish","has-post-thumbnail","hentry","groupe-actus-cra-cvl","entry","has-media"],"acf":[],"_links":{"self":[{"href":"https:\/\/www.cra-centre.org\/formation\/wp-json\/wp\/v2\/actualite\/4027","targetHints":{"allow":["GET"]}}],"collection":[{"href":"https:\/\/www.cra-centre.org\/formation\/wp-json\/wp\/v2\/actualite"}],"about":[{"href":"https:\/\/www.cra-centre.org\/formation\/wp-json\/wp\/v2\/types\/actualite"}],"wp:featuredmedia":[{"embeddable":true,"href":"https:\/\/www.cra-centre.org\/formation\/wp-json\/wp\/v2\/media\/4028"}],"wp:attachment":[{"href":"https:\/\/www.cra-centre.org\/formation\/wp-json\/wp\/v2\/media?parent=4027"}],"wp:term":[{"taxonomy":"colloque","embeddable":true,"href":"https:\/\/www.cra-centre.org\/formation\/wp-json\/wp\/v2\/colloque?post=4027"},{"taxonomy":"formation","embeddable":true,"href":"https:\/\/www.cra-centre.org\/formation\/wp-json\/wp\/v2\/formation?post=4027"},{"taxonomy":"groupe","embeddable":true,"href":"https:\/\/www.cra-centre.org\/formation\/wp-json\/wp\/v2\/groupe?post=4027"}],"curies":[{"name":"wp","href":"https:\/\/api.w.org\/{rel}","templated":true}]}}